{"id":917,"date":"2026-08-04T23:49:14","date_gmt":"2026-08-04T22:49:14","guid":{"rendered":"https:\/\/nublo.tv\/?p=917"},"modified":"2026-08-04T23:49:14","modified_gmt":"2026-08-04T22:49:14","slug":"la-carretera-de-acceso-a-la-playa-de-veneguera-reabre-tras-la-visita-del-consejero-de-medio-ambiente-2","status":"publish","type":"post","link":"https:\/\/nublo.tv\/index.php\/2026\/08\/04\/la-carretera-de-acceso-a-la-playa-de-veneguera-reabre-tras-la-visita-del-consejero-de-medio-ambiente-2\/","title":{"rendered":"La Carretera de acceso a la playa de Veneguera reabre tras la visita del consejero de Medio Ambiente"},"content":{"rendered":"<p>La Carretera de acceso a la playa de Veneguera reabre tras la visita del consejero de Medio Ambiente<\/p>\n<p>La v\u00eda entre el n\u00facleo urbano de Casas de Veneguera y la GC-200 hab\u00eda sufrido destrozos por las intensas lluvias de la borrasca Therese qued\u00f3 abierta tras la visita de Ra\u00fal Garc\u00eda Brink<\/p>\n<p>Gran Canaria, 30 de julio de 2026. La v\u00eda de acceso a la playa de Veneguera, entre el n\u00facleo urbano de Casas de Veneguera y la carretera GC-200, que hab\u00eda sufrido da\u00f1os y desperfectos por las intensas lluvias que dej\u00f3 la borrasca Therese ha quedado reabierta este jueves, despu\u00e9s de la visita del consejero de Medio Ambiente del Cabildo de Gran Canaria, Ra\u00fal Garc\u00eda Brink.<\/p>\n<p>Garc\u00eda Brink visit\u00f3 hoy la zona junto a t\u00e9cnicos del Consejo Insular de Aguas y se\u00f1al\u00f3 que \u201ctras la ejecuci\u00f3n de los trabajos necesarios para garantizar la seguridad de la carretera, el acceso ha quedado restablecido desde las 12:30 horas de este jueves, permitiendo nuevamente la llegada de residentes y visitantes a este enclave del suroeste de la isla\u201d.<\/p>\n<p>El Cabildo de Gran Canaria subraya que seguir\u00e1 vigilante en el control de las diferentes actividades que se puedan realizar dentro del barranco de Veneguera \u201cpara proteger este simb\u00f3lico espacio natural\u201d.<\/p>\n<p>En este sentido, la instituci\u00f3n insular recuerda que el \u00fanico uso del suelo permitido es de \u201cdesarrollo agr\u00edcola\u201d, actividad vinculada dentro de esta \u00e1rea que pertenece al Parque Rural del Nublo, declarado Reserva de la Biosfera de Gran Canaria desde hace m\u00e1s de veinte a\u00f1os. Una figura de reconocimiento internacional que refuerza la protecci\u00f3n y la conservaci\u00f3n de este valioso territorio.<\/p>\n","protected":false},"excerpt":{"rendered":"<p>La Carretera de acceso a la playa de Veneguera reabre tras la visita del consejero de Medio Ambiente La v\u00eda entre el n\u00facleo urbano de Casas de Veneguera y la&hellip;<\/p>\n","protected":false},"author":1,"featured_media":955,"comment_status":"open","ping_status":"open","sticky":false,"template":"","format":"standard","meta":{"wpai_generated_summary":"","wpai_meta_description":"","footnotes":""},"categories":[148],"tags":[],"class_list":["post-917","post","type-post","status-publish","format-standard","has-post-thumbnail","hentry","category-cabildo-de-gran-canaria"],"_links":{"self":[{"href":"https:\/\/nublo.tv\/index.php\/wp-json\/wp\/v2\/posts\/917","targetHints":{"allow":["GET"]}}],"collection":[{"href":"https:\/\/nublo.tv\/index.php\/wp-json\/wp\/v2\/posts"}],"about":[{"href":"https:\/\/nublo.tv\/index.php\/wp-json\/wp\/v2\/types\/post"}],"author":[{"embeddable":true,"href":"https:\/\/nublo.tv\/index.php\/wp-json\/wp\/v2\/users\/1"}],"replies":[{"embeddable":true,"href":"https:\/\/nublo.tv\/index.php\/wp-json\/wp\/v2\/comments?post=917"}],"version-history":[{"count":1,"href":"https:\/\/nublo.tv\/index.php\/wp-json\/wp\/v2\/posts\/917\/revisions"}],"predecessor-version":[{"id":954,"href":"https:\/\/nublo.tv\/index.php\/wp-json\/wp\/v2\/posts\/917\/revisions\/954"}],"wp:featuredmedia":[{"embeddable":true,"href":"https:\/\/nublo.tv\/index.php\/wp-json\/wp\/v2\/media\/955"}],"wp:attachment":[{"href":"https:\/\/nublo.tv\/index.php\/wp-json\/wp\/v2\/media?parent=917"}],"wp:term":[{"taxonomy":"category","embeddable":true,"href":"https:\/\/nublo.tv\/index.php\/wp-json\/wp\/v2\/categories?post=917"},{"taxonomy":"post_tag","embeddable":true,"href":"https:\/\/nublo.tv\/index.php\/wp-json\/wp\/v2\/tags?post=917"}],"curies":[{"name":"wp","href":"https:\/\/api.w.org\/{rel}","templated":true}]}}