{"id":92,"date":"2026-08-04T17:32:54","date_gmt":"2026-08-04T16:32:54","guid":{"rendered":"https:\/\/nublo.tv\/?p=92"},"modified":"2026-08-04T17:32:54","modified_gmt":"2026-08-04T16:32:54","slug":"las-jornadas-ambientales-de-el-burrero-consolidan-su-apuesta-por-la-sostenibilidad-y-la-educacion-ambiental","status":"publish","type":"post","link":"https:\/\/nublo.tv\/index.php\/2026\/08\/04\/las-jornadas-ambientales-de-el-burrero-consolidan-su-apuesta-por-la-sostenibilidad-y-la-educacion-ambiental\/","title":{"rendered":"Las Jornadas Ambientales de El Burrero consolidan su apuesta por la sostenibilidad y la educaci\u00f3n ambiental"},"content":{"rendered":"<p>La playa de El Burrero acog\u00eda el pasado s\u00e1bado, 1 de agosto, una nueva edici\u00f3n de las \u2018Jornadas de Divulgaci\u00f3n, Educaci\u00f3n y Acci\u00f3n Ambiental Playa de El Burrero 2026\u2019, iniciativa impulsada por el Ayuntamiento de Ingenio a trav\u00e9s de la Concejal\u00eda de Transici\u00f3n Ecol\u00f3gica, Sostenibilidad y Playas, dirigida por el concejal Mart\u00edn Garc\u00eda. La actividad tuvo como finalidad promover la educaci\u00f3n ambiental, fomentar la conservaci\u00f3n del patrimonio natural, impulsar la adopci\u00f3n de pr\u00e1cticas sostenibles y sensibilizar a la ciudadan\u00eda y a las personas usuarias de la playa sobre la importancia de proteger y cuidar nuestro entorno natural.<\/p>\n<p>La jornada se desarroll\u00f3 en la Avenida Mar\u00edtima de El Burrero, el Aula de Educaci\u00f3n Ambiental y el propio entorno litoral, destacando una amplia participaci\u00f3n ciudadana y generando un notable impacto social con una programaci\u00f3n de actividades dirigidas a todos los p\u00fablicos.<\/p>\n<p>El acto cont\u00f3 con la colaboraci\u00f3n de numerosas instituciones, entidades, asociaciones y colectivos, tales como la Consejer\u00eda de Medio Ambiente del Cabildo de Gran Canaria, a trav\u00e9s del proyecto Gran Canaria Recicla y la colaboraci\u00f3n del Centro de Recuperaci\u00f3n de Fauna Silvestre de Tafira; la Consejer\u00eda de Pesca; la Mancomunidad Intermunicipal del Sureste, mediante la empresa Ayagaures, que desarroll\u00f3 acciones divulgativas sobre compostaje dom\u00e9stico y el uso del quinto contenedor; la Universidad de Las Palmas de Gran Canaria, que present\u00f3 diversos proyectos de investigaci\u00f3n y conservaci\u00f3n relacionados con la biodiversidad marina; la Red PROMAR del Gobierno de Canarias, dedicada al seguimiento y vigilancia de la vida marina en la Macaronesia; la asociaci\u00f3n Naturaleza al Rescate S.O.S.; el Club Deportivo Senderistas Caminando con Ingenio; la Asociaci\u00f3n Animalista Villa de Ingenio; la Asociaci\u00f3n Sociocultural Acci\u00f3n Aborigen; el colectivo El Rati\u00f1o; el Club de Pesca Buarpo; la agencia Europa Direct Canarias, adem\u00e1s de otras entidades colaboradoras que conformaron un amplio espacio expositivo y divulgativo. Gracias a esta participaci\u00f3n fue posible dar visibilidad al trabajo que desarrollan las administraciones p\u00fablicas, la universidad y el tejido asociativo en materia de conservaci\u00f3n ambiental.<\/p>\n<p>Uno de los datos m\u00e1s destacados de la jornada fue la participaci\u00f3n de alrededor de sesenta personas en la acci\u00f3n de limpieza del litoral, fundamentalmente representantes de asociaciones, colectivos y voluntariado ambiental, en el que se retiraron aproximadamente 200 kgs de residuos, entre fracci\u00f3n resto y residuos voluminosos. Esta actuaci\u00f3n se desarroll\u00f3, adem\u00e1s, en el marco de la campa\u00f1a \u00ab1m\u00b2 por las playas y los mares\u00bb, perteneciente al Proyecto LIBERA, impulsado por Ecoembes y SEO\/BirdLife, y coordinada por el colectivo medioambiental El Rati\u00f1o. La programaci\u00f3n incluy\u00f3 igualmente proyecciones audiovisuales de tem\u00e1tica ambiental, ponencias divulgativas sobre gesti\u00f3n de residuos, conservaci\u00f3n de la avifauna y proyectos de investigaci\u00f3n desarrollados por la Universidad de Las Palmas de Gran Canaria, as\u00ed como iniciativas promovidas por el Gobierno de Canarias, entre ellas la Red PROMAR. El p\u00fablico asistente tambi\u00e9n pudo disfrutar de un espect\u00e1culo educativo destinado a divulgar y poner en valor el patrimonio natural, a cargo de la empresa Cancionero Isle\u00f1o, adem\u00e1s de visitar la exposici\u00f3n del Proyecto LIBERA y participar en diversas actividades de dinamizaci\u00f3n ambiental orientadas a concienciar sobre la importancia de proteger el medio marino.<\/p>\n<p>Uno de los momentos m\u00e1s emotivos y simb\u00f3licos de la jornada fue la liberaci\u00f3n de un ejemplar de Caretta caretta (tortuga boba), recuperado y atendido por el personal del Centro de Recuperaci\u00f3n de Fauna Silvestre del Cabildo de Gran Canaria. En esta actividad tambi\u00e9n colaboraron integrantes de la Fundaci\u00f3n Canaria Peque\u00f1o Valiente, quienes participaron previamente en la limpieza del litoral. La suelta del ejemplar despert\u00f3 una gran expectaci\u00f3n entre las numerosas personas asistentes, convirti\u00e9ndose en uno de los actos m\u00e1s significativos del encuentro.<\/p>\n<p>La celebraci\u00f3n de estas jornadas contribuye al cumplimiento de los criterios establecidos por el programa Bandera Azul en materia de informaci\u00f3n y educaci\u00f3n ambiental, reforzando el compromiso del Ayuntamiento de Ingenio con la calidad ambiental de la playa de El Burrero y con un modelo de gesti\u00f3n sostenible del litoral. Del mismo modo, la iniciativa se enmarca en los principios de la Agenda 2030 y en los Objetivos de Desarrollo Sostenible relacionados con la protecci\u00f3n de los ecosistemas marinos y terrestres, la acci\u00f3n por el clima, la producci\u00f3n y el consumo responsables y la conservaci\u00f3n de la biodiversidad, reafirmando la apuesta municipal por el impulso de pol\u00edticas p\u00fablicas orientadas a construir un futuro m\u00e1s sostenible para las generaciones presentes y futuras.<\/p>\n<p>Desde la Concejal\u00eda de Transici\u00f3n Ecol\u00f3gica, Sostenibilidad y Playas se agradece la implicaci\u00f3n y colaboraci\u00f3n de todas las instituciones, entidades, asociaciones, colectivos y personas voluntarias que hicieron posible el desarrollo de esta nueva edici\u00f3n de las jornadas, consolidando una iniciativa que fomenta la educaci\u00f3n ambiental, la participaci\u00f3n ciudadana y el compromiso colectivo con la conservaci\u00f3n y protecci\u00f3n de nuestro medio natural.<\/p>\n","protected":false},"excerpt":{"rendered":"<p>La playa de El Burrero acog\u00eda el pasado s\u00e1bado, 1 de agosto, una nueva edici\u00f3n de las \u2018Jornadas de Divulgaci\u00f3n, Educaci\u00f3n y Acci\u00f3n Ambiental Playa de El Burrero 2026\u2019, iniciativa&hellip;<\/p>\n","protected":false},"author":14,"featured_media":93,"comment_status":"open","ping_status":"open","sticky":false,"template":"","format":"standard","meta":{"wpai_generated_summary":"","wpai_meta_description":"","footnotes":""},"categories":[130],"tags":[],"class_list":["post-92","post","type-post","status-publish","format-standard","has-post-thumbnail","hentry","category-ayuntamiento-de-ingenio"],"_links":{"self":[{"href":"https:\/\/nublo.tv\/index.php\/wp-json\/wp\/v2\/posts\/92","targetHints":{"allow":["GET"]}}],"collection":[{"href":"https:\/\/nublo.tv\/index.php\/wp-json\/wp\/v2\/posts"}],"about":[{"href":"https:\/\/nublo.tv\/index.php\/wp-json\/wp\/v2\/types\/post"}],"author":[{"embeddable":true,"href":"https:\/\/nublo.tv\/index.php\/wp-json\/wp\/v2\/users\/14"}],"replies":[{"embeddable":true,"href":"https:\/\/nublo.tv\/index.php\/wp-json\/wp\/v2\/comments?post=92"}],"version-history":[{"count":1,"href":"https:\/\/nublo.tv\/index.php\/wp-json\/wp\/v2\/posts\/92\/revisions"}],"predecessor-version":[{"id":445,"href":"https:\/\/nublo.tv\/index.php\/wp-json\/wp\/v2\/posts\/92\/revisions\/445"}],"wp:featuredmedia":[{"embeddable":true,"href":"https:\/\/nublo.tv\/index.php\/wp-json\/wp\/v2\/media\/93"}],"wp:attachment":[{"href":"https:\/\/nublo.tv\/index.php\/wp-json\/wp\/v2\/media?parent=92"}],"wp:term":[{"taxonomy":"category","embeddable":true,"href":"https:\/\/nublo.tv\/index.php\/wp-json\/wp\/v2\/categories?post=92"},{"taxonomy":"post_tag","embeddable":true,"href":"https:\/\/nublo.tv\/index.php\/wp-json\/wp\/v2\/tags?post=92"}],"curies":[{"name":"wp","href":"https:\/\/api.w.org\/{rel}","templated":true}]}}