{"id":922,"date":"2026-08-04T23:49:13","date_gmt":"2026-08-04T22:49:13","guid":{"rendered":"https:\/\/nublo.tv\/?p=922"},"modified":"2026-08-04T23:49:13","modified_gmt":"2026-08-04T22:49:13","slug":"firma-del-convenio-para-la-retransmision-de-las-fiestas-del-pino-durante-cuatro-anos-en-tvc-y-tve","status":"publish","type":"post","link":"https:\/\/nublo.tv\/index.php\/2026\/08\/04\/firma-del-convenio-para-la-retransmision-de-las-fiestas-del-pino-durante-cuatro-anos-en-tvc-y-tve\/","title":{"rendered":"Firma del convenio para la retransmisio\u0301n de las Fiestas del Pino durante cuatro an\u0303os en TVC y TVE"},"content":{"rendered":"<p>Gran Canaria, 30 de julio de 2026 &#8211; El presidente del Cabildo de Gran Canaria, Antonio Morales, formaliz\u00f3 junto a la concejala de Festejos de la Villa de Teror, Angharad Quintana; el administrador general de RTVC, C\u00e9sar Toledo; el director de RTVE Canarias, Miguel \u00c1ngel Guerra; y el secretario general-canciller de la Di\u00f3cesis de Canarias, p\u00e1rroco de Teror y rector de la Bas\u00edlica de Nuestra Se\u00f1ora del Pino, Jorge Mart\u00edn de la Coba, el convenio que garantizar\u00e1 la retransmisi\u00f3n de las Fiestas en Honor a Nuestra Se\u00f1ora del Pino durante los pr\u00f3ximos cuatro a\u00f1os.<\/p>\n<p>Gran Canaria, 30 de julio de 2026 &#8211; El presidente del Cabildo de Gran Canaria, Antonio Morales, formaliz\u00f3 junto a la concejala de Festejos de la Villa de Teror, Angharad Quintana; el administrador general de RTVC, C\u00e9sar Toledo; el director de RTVE Canarias, Miguel \u00c1ngel Guerra; y el secretario general-canciller de la Di\u00f3cesis de Canarias, p\u00e1rroco de Teror y rector de la Bas\u00edlica de Nuestra Se\u00f1ora del Pino, Jorge Mart\u00edn de la Coba, el convenio que garantizar\u00e1 la retransmisi\u00f3n de las Fiestas en Honor a Nuestra Se\u00f1ora del Pino durante los pr\u00f3ximos cuatro a\u00f1os.<\/p>\n<p>Gran Canaria, 30 de julio de 2026 &#8211; El presidente del Cabildo de Gran Canaria, Antonio Morales, formaliz\u00f3 junto a la concejala de Festejos de la Villa de Teror, Angharad Quintana; el administrador general de RTVC, C\u00e9sar Toledo; el director de RTVE Canarias, Miguel \u00c1ngel Guerra; y el secretario general-canciller de la Di\u00f3cesis de Canarias, p\u00e1rroco de Teror y rector de la Bas\u00edlica de Nuestra Se\u00f1ora del Pino, Jorge Mart\u00edn de la Coba, el convenio que garantizar\u00e1 la retransmisi\u00f3n de las Fiestas en Honor a Nuestra Se\u00f1ora del Pino durante los pr\u00f3ximos cuatro a\u00f1os.<\/p>\n<p>Gran Canaria, 30 de julio de 2026 &#8211; El presidente del Cabildo de Gran Canaria, Antonio Morales, formaliz\u00f3 junto a la concejala de Festejos de la Villa de Teror, Angharad Quintana; el administrador general de RTVC, C\u00e9sar Toledo; el director de RTVE Canarias, Miguel \u00c1ngel Guerra; y el secretario general-canciller de la Di\u00f3cesis de Canarias, p\u00e1rroco de Teror y rector de la Bas\u00edlica de Nuestra Se\u00f1ora del Pino, Jorge Mart\u00edn de la Coba, el convenio que garantizar\u00e1 la retransmisi\u00f3n de las Fiestas en Honor a Nuestra Se\u00f1ora del Pino durante los pr\u00f3ximos cuatro a\u00f1os.<\/p>\n<p>Gran Canaria, 30 de julio de 2026 &#8211; El presidente del Cabildo de Gran Canaria, Antonio Morales, formaliz\u00f3 junto a la concejala de Festejos de la Villa de Teror, Angharad Quintana; el administrador general de RTVC, C\u00e9sar Toledo; el director de RTVE Canarias, Miguel \u00c1ngel Guerra; y el secretario general-canciller de la Di\u00f3cesis de Canarias, p\u00e1rroco de Teror y rector de la Bas\u00edlica de Nuestra Se\u00f1ora del Pino, Jorge Mart\u00edn de la Coba, el convenio que garantizar\u00e1 la retransmisi\u00f3n de las Fiestas en Honor a Nuestra Se\u00f1ora del Pino durante los pr\u00f3ximos cuatro a\u00f1os.<\/p>\n<p>Gran Canaria, 30 de julio de 2026 &#8211; El presidente del Cabildo de Gran Canaria, Antonio Morales, formaliz\u00f3 junto a la concejala de Festejos de la Villa de Teror, Angharad Quintana; el administrador general de RTVC, C\u00e9sar Toledo; el director de RTVE Canarias, Miguel \u00c1ngel Guerra; y el secretario general-canciller de la Di\u00f3cesis de Canarias, p\u00e1rroco de Teror y rector de la Bas\u00edlica de Nuestra Se\u00f1ora del Pino, Jorge Mart\u00edn de la Coba, el convenio que garantizar\u00e1 la retransmisi\u00f3n de las Fiestas en Honor a Nuestra Se\u00f1ora del Pino durante los pr\u00f3ximos cuatro a\u00f1os.<\/p>\n<p>Gran Canaria, 30 de julio de 2026 &#8211; El presidente del Cabildo de Gran Canaria, Antonio Morales, formaliz\u00f3 junto a la concejala de Festejos de la Villa de Teror, Angharad Quintana; el administrador general de RTVC, C\u00e9sar Toledo; el director de RTVE Canarias, Miguel \u00c1ngel Guerra; y el secretario general-canciller de la Di\u00f3cesis de Canarias, p\u00e1rroco de Teror y rector de la Bas\u00edlica de Nuestra Se\u00f1ora del Pino, Jorge Mart\u00edn de la Coba, el convenio que garantizar\u00e1 la retransmisi\u00f3n de las Fiestas en Honor a Nuestra Se\u00f1ora del Pino durante los pr\u00f3ximos cuatro a\u00f1os.<\/p>\n<p>Gran Canaria, 30 de julio de 2026 &#8211; El presidente del Cabildo de Gran Canaria, Antonio Morales, formaliz\u00f3 junto a la concejala de Festejos de la Villa de Teror, Angharad Quintana; el administrador general de RTVC, C\u00e9sar Toledo; el director de RTVE Canarias, Miguel \u00c1ngel Guerra; y el secretario general-canciller de la Di\u00f3cesis de Canarias, p\u00e1rroco de Teror y rector de la Bas\u00edlica de Nuestra Se\u00f1ora del Pino, Jorge Mart\u00edn de la Coba, el convenio que garantizar\u00e1 la retransmisi\u00f3n de las Fiestas en Honor a Nuestra Se\u00f1ora del Pino durante los pr\u00f3ximos cuatro a\u00f1os.<\/p>\n","protected":false},"excerpt":{"rendered":"<p>Gran Canaria, 30 de julio de 2026 &#8211; El presidente del Cabildo de Gran Canaria, Antonio Morales, formaliz\u00f3 junto a la concejala de Festejos de la Villa de Teror, Angharad&hellip;<\/p>\n","protected":false},"author":1,"featured_media":923,"comment_status":"open","ping_status":"open","sticky":false,"template":"","format":"standard","meta":{"wpai_generated_summary":"","wpai_meta_description":"","footnotes":""},"categories":[148],"tags":[],"class_list":["post-922","post","type-post","status-publish","format-standard","has-post-thumbnail","hentry","category-cabildo-de-gran-canaria"],"_links":{"self":[{"href":"https:\/\/nublo.tv\/index.php\/wp-json\/wp\/v2\/posts\/922","targetHints":{"allow":["GET"]}}],"collection":[{"href":"https:\/\/nublo.tv\/index.php\/wp-json\/wp\/v2\/posts"}],"about":[{"href":"https:\/\/nublo.tv\/index.php\/wp-json\/wp\/v2\/types\/post"}],"author":[{"embeddable":true,"href":"https:\/\/nublo.tv\/index.php\/wp-json\/wp\/v2\/users\/1"}],"replies":[{"embeddable":true,"href":"https:\/\/nublo.tv\/index.php\/wp-json\/wp\/v2\/comments?post=922"}],"version-history":[{"count":1,"href":"https:\/\/nublo.tv\/index.php\/wp-json\/wp\/v2\/posts\/922\/revisions"}],"predecessor-version":[{"id":952,"href":"https:\/\/nublo.tv\/index.php\/wp-json\/wp\/v2\/posts\/922\/revisions\/952"}],"wp:featuredmedia":[{"embeddable":true,"href":"https:\/\/nublo.tv\/index.php\/wp-json\/wp\/v2\/media\/923"}],"wp:attachment":[{"href":"https:\/\/nublo.tv\/index.php\/wp-json\/wp\/v2\/media?parent=922"}],"wp:term":[{"taxonomy":"category","embeddable":true,"href":"https:\/\/nublo.tv\/index.php\/wp-json\/wp\/v2\/categories?post=922"},{"taxonomy":"post_tag","embeddable":true,"href":"https:\/\/nublo.tv\/index.php\/wp-json\/wp\/v2\/tags?post=922"}],"curies":[{"name":"wp","href":"https:\/\/api.w.org\/{rel}","templated":true}]}}