{"id":929,"date":"2026-08-04T23:49:13","date_gmt":"2026-08-04T22:49:13","guid":{"rendered":"https:\/\/nublo.tv\/?p=929"},"modified":"2026-08-04T23:49:13","modified_gmt":"2026-08-04T22:49:13","slug":"el-cabildo-de-gran-canaria-declara-la-alerta-por-riesgo-de-incendios-forestales-y-altas-temperaturas","status":"publish","type":"post","link":"https:\/\/nublo.tv\/index.php\/2026\/08\/04\/el-cabildo-de-gran-canaria-declara-la-alerta-por-riesgo-de-incendios-forestales-y-altas-temperaturas\/","title":{"rendered":"El Cabildo de Gran Canaria declara la alerta por riesgo de incendios forestales y altas temperaturas"},"content":{"rendered":"<p>El Cabildo de Gran Canaria declara la alerta por riesgo de incendios forestales y altas temperaturas<\/p>\n<p>Entra en vigor este jueves 30 de julio a las 11.00 y afecta a toda la isla a partir de la cota de los 400 metros de altitud<\/p>\n<p>El presidente, Antonio Morales, hace un llamamiento a la poblaci\u00f3n a protegerse ante \u201cun episodio de singular relevancia que conlleva riesgos para la salud y el territorio\u201d<\/p>\n<p>Grillo: \u201cEl trabajo previo de la ciudadan\u00eda en sus propiedades es clave. Retamas, ca\u00f1as o matorrales arden much\u00edsimo\u201d<\/p>\n<p>Santana: \u201cPor imprudencia o de manera intencionada, en Gran Canaria siempre est\u00e1 detr\u00e1s la mano humana\u201d<\/p>\n<p>Gran Canaria, 29 de julio de 2026. El presidente del Cabildo de Gran Canaria, Antonio Morales, ha anunciado hoy la declaraci\u00f3n de la alerta por riesgo de incendios forestales y por altas temperaturas en la isla, ante un episodio clim\u00e1tico de especial relevancia previsto para los pr\u00f3ximos d\u00edas y que podr\u00eda prolongarse hasta principios de la pr\u00f3xima semana.<\/p>\n<p>Las zonas que se ver\u00e1n m\u00e1s afectadas por las altas temperaturas ser\u00e1n el este, sur y oeste de Gran Canaria, as\u00ed como las zonas de cumbre. La fase de alerta entra en vigor a partir de las 11.00 horas de este jueves 30 de julio y afectar\u00e1 a toda la isla a partir de la cota de los 400 metros.<\/p>\n<p>\u201cEl objetivo de esta convocatoria es claro: hacer un llamamiento a la precauci\u00f3n y a la colaboraci\u00f3n de toda la ciudadan\u00eda para disminuir riesgos y reducir posibles da\u00f1os\u201d, se\u00f1al\u00f3 el presidente esta ma\u00f1ana en una rueda de prensa en la que estuvo acompa\u00f1ado por el consejero de Medio Ambiente, Clima, Energ\u00eda y Conocimiento, Ra\u00fal Garc\u00eda Brink; el director t\u00e9cnico de Emergencias del Cabildo, Federico Grillo; la jefa de servicio de Gesti\u00f3n Forestal del Cabildo, Mar\u00eda Matilla; y el inspector y coordinador de la Brigada de Investigaci\u00f3n de Fuegos Forestales (BIFF).<\/p>\n<p>Antonio Morales hizo un llamamiento a la poblaci\u00f3n, especialmente a personas mayores, menores, trabajadores y empresas, a protegerse frente a las altas temperaturas, advirtiendo del grave riesgo que suponen para la salud.<\/p>\n<p>Asimismo, inst\u00f3 a propietarios de viviendas y ayuntamientos a actuar en las zonas de interfaz urbano-forestal. Record\u00f3 que las viviendas, edificaciones e instalaciones situadas en monte o zonas forestales deben contar con una franja de seguridad de al menos 15 metros, libre de residuos, matorral y vegetaci\u00f3n seca, as\u00ed como mantener limpios los espacios cercanos a n\u00facleos urbanos.<\/p>\n<p>El presidente del Cabildo subray\u00f3 que \u201cest\u00e1 siendo un verano tr\u00e1gico en Espa\u00f1a\u201d, con incendios que est\u00e1n batiendo r\u00e9cords negativos y causando graves da\u00f1os en paisajes, cultivos y viviendas y que \u201cacaban con el paisaje vital de muchas personas\u201d. En este contexto, traslad\u00f3 la solidaridad de Gran Canaria con las personas afectadas en distintos puntos del pa\u00eds y el reconocimiento a los equipos de extinci\u00f3n y emergencias.<\/p>\n<p>Morales destac\u00f3 que, aunque la isla cuenta con medios materiales y t\u00e9cnicos de vanguardia, la evoluci\u00f3n del clima obliga a extremar la prevenci\u00f3n y el control del riesgo. \u201cLos incendios fuera de capacidad de extinci\u00f3n no tienen freno humano ni tecnol\u00f3gico\u201d, advirti\u00f3.<\/p>\n<p>En esta l\u00ednea, insisti\u00f3 en que la prevenci\u00f3n, la precauci\u00f3n y la conciencia ciudadana son imprescindibles para afrontar un escenario de temperaturas m\u00e1s altas y condiciones m\u00e1s secas. \u201cPrevenir, evitar, adaptar el territorio y estar preparados para reaccionar son nuestras mejores herramientas\u201d, afirm\u00f3.<\/p>\n<p>Ante la situaci\u00f3n excepcional de los pr\u00f3ximos d\u00edas, el presidente fue contundente: \u201cLa autoprotecci\u00f3n es la clave\u201d. Adem\u00e1s, record\u00f3 que la mayor\u00eda de los conatos e incendios registrados tienen su origen en imprudencias, por lo que apel\u00f3 a la m\u00e1xima responsabilidad individual y colectiva.<\/p>\n<p>Federico Grillo insisti\u00f3 en que \u201cel trabajo previo que haga la ciudadan\u00eda alrededor de sus propiedades es absolutamente clave\u201d y record\u00f3 que especies vegetales como las ca\u00f1as, matorrales o retamas \u201carden much\u00edsimo\u201d. Adem\u00e1s, explic\u00f3 que el episodio que se avecina a partir de la jornada de ma\u00f1ana vendr\u00e1 acompa\u00f1ado de vientos, quiz\u00e1s no de gran intensidad, pero que pueden contribuir a alentar posibles conatos e incendios forestales.<\/p>\n<p>Por su parte, Juan Carlos Santana, en una panor\u00e1mica hist\u00f3rica, se\u00f1al\u00f3 que la totalidad de los incendios forestales de Gran Canaria tienen un origen antr\u00f3pico, es decir, \u201cest\u00e1 detr\u00e1s siempre la mano humana\u201d. De ese total, el 70 % corresponden a imprudencias, entre las que han destacado las quemas ilegales, los fuegos de campamento y el uso indebido de maquinaria, si bien esta \u00faltima causa presenta un dr\u00e1stico descenso. El 30 % restante obedece a incendios intencionados.<\/p>\n<p>Santana indic\u00f3 que la labor de investigaci\u00f3n que realiza la BIFF es crucial para hacer un retrato de la situaci\u00f3n de los incendios forestales en Gran Canaria y que siempre se trabaja bajo la jurisdicci\u00f3n del Ministerio Fiscal o de la Autoridad Judicial, como ocurre en el an\u00e1lisis para determinar las causas del incendio forestal de Cazadores, la semana pasada, tambi\u00e9n en colaboraci\u00f3n con la Guardia Civil.<\/p>\n<p>&nbsp;<\/p>\n","protected":false},"excerpt":{"rendered":"<p>El Cabildo de Gran Canaria declara la alerta por riesgo de incendios forestales y altas temperaturas Entra en vigor este jueves 30 de julio a las 11.00 y afecta a&hellip;<\/p>\n","protected":false},"author":1,"featured_media":947,"comment_status":"open","ping_status":"open","sticky":false,"template":"","format":"standard","meta":{"wpai_generated_summary":"","wpai_meta_description":"","footnotes":""},"categories":[148],"tags":[],"class_list":["post-929","post","type-post","status-publish","format-standard","has-post-thumbnail","hentry","category-cabildo-de-gran-canaria"],"_links":{"self":[{"href":"https:\/\/nublo.tv\/index.php\/wp-json\/wp\/v2\/posts\/929","targetHints":{"allow":["GET"]}}],"collection":[{"href":"https:\/\/nublo.tv\/index.php\/wp-json\/wp\/v2\/posts"}],"about":[{"href":"https:\/\/nublo.tv\/index.php\/wp-json\/wp\/v2\/types\/post"}],"author":[{"embeddable":true,"href":"https:\/\/nublo.tv\/index.php\/wp-json\/wp\/v2\/users\/1"}],"replies":[{"embeddable":true,"href":"https:\/\/nublo.tv\/index.php\/wp-json\/wp\/v2\/comments?post=929"}],"version-history":[{"count":1,"href":"https:\/\/nublo.tv\/index.php\/wp-json\/wp\/v2\/posts\/929\/revisions"}],"predecessor-version":[{"id":946,"href":"https:\/\/nublo.tv\/index.php\/wp-json\/wp\/v2\/posts\/929\/revisions\/946"}],"wp:featuredmedia":[{"embeddable":true,"href":"https:\/\/nublo.tv\/index.php\/wp-json\/wp\/v2\/media\/947"}],"wp:attachment":[{"href":"https:\/\/nublo.tv\/index.php\/wp-json\/wp\/v2\/media?parent=929"}],"wp:term":[{"taxonomy":"category","embeddable":true,"href":"https:\/\/nublo.tv\/index.php\/wp-json\/wp\/v2\/categories?post=929"},{"taxonomy":"post_tag","embeddable":true,"href":"https:\/\/nublo.tv\/index.php\/wp-json\/wp\/v2\/tags?post=929"}],"curies":[{"name":"wp","href":"https:\/\/api.w.org\/{rel}","templated":true}]}}