{"id":932,"date":"2026-08-05T14:32:42","date_gmt":"2026-08-05T13:32:42","guid":{"rendered":"https:\/\/nublo.tv\/?p=932"},"modified":"2026-08-05T14:32:42","modified_gmt":"2026-08-05T13:32:42","slug":"el-consorcio-de-emergencias-de-gran-canaria-presenta-nuevos-medios-materiales-para-reforzar-la-respuesta-ante-las-emergencias","status":"publish","type":"post","link":"https:\/\/nublo.tv\/index.php\/2026\/08\/05\/el-consorcio-de-emergencias-de-gran-canaria-presenta-nuevos-medios-materiales-para-reforzar-la-respuesta-ante-las-emergencias\/","title":{"rendered":"El Consorcio de Emergencias de Gran Canaria presenta nuevos medios materiales para reforzar la respuesta ante las emergencias"},"content":{"rendered":"<p>El Consorcio de Emergencias de Gran Canaria presenta nuevos medios materiales para reforzar la respuesta ante las emergencias<\/p>\n<p>&nbsp;<\/p>\n<p>28 de julio de 2026<\/p>\n<p>&nbsp;<\/p>\n<p>La incorporaci\u00f3n de nuevos veh\u00edculos, equipamiento especializado y tecnolog\u00eda de \u00faltima generaci\u00f3n forma parte de una estrategia de modernizaci\u00f3n destinada a mejorar la capacidad operativa y la seguridad de las intervenciones<\/p>\n<p>El Consorcio de Emergencias de Gran Canaria ha presentado este martes los nuevos medios materiales incorporados al servicio, una actuaci\u00f3n que supone un importante avance en la modernizaci\u00f3n de los recursos operativos destinados a la atenci\u00f3n de emergencias en la isla.<\/p>\n<p>El acto, celebrado en el Recinto Ferial de Ag\u00fcimes, cont\u00f3 con la participaci\u00f3n del presidente del Cabildo de Gran Canaria, Antonio Morales M\u00e9ndez, y del presidente del Consorcio de Emergencias de Gran Canaria, Pedro Francisco Justo Brito, quienes destacaron la apuesta por la mejora continua del servicio p\u00fablico y el fortalecimiento de la capacidad de respuesta ante cualquier tipo de emergencia.<\/p>\n<p>Durante la presentaci\u00f3n se dieron a conocer los nuevos recursos incorporados al Consorcio, entre los que destacan dos camiones autobomba urbana, robots de extinci\u00f3n, drones para rescate acu\u00e1tico, remolques t\u00e1cticos, ventiladores de bater\u00eda, mantas de extinci\u00f3n para veh\u00edculos el\u00e9ctricos, kits de extinci\u00f3n para veh\u00edculos pick-up, herramientas especializadas y otros equipos destinados a mejorar la eficacia y la seguridad de las intervenciones.<\/p>\n<p>Estas incorporaciones responden a la estrategia de renovaci\u00f3n y modernizaci\u00f3n impulsada por el Consorcio, orientada a dotar a los parques de bomberos de medios m\u00e1s eficientes, seguros y adaptados a los nuevos escenarios de intervenci\u00f3n.<\/p>\n<p>La inversi\u00f3n realizada contempla tanto la adquisici\u00f3n de nuevos recursos materiales como el desarrollo de un amplio programa de formaci\u00f3n para el personal, con el objetivo de garantizar que la incorporaci\u00f3n de nuevas tecnolog\u00edas vaya acompa\u00f1ada de una capacitaci\u00f3n continua de los equipos de intervenci\u00f3n.<\/p>\n<p>\u201cHoy damos un paso m\u00e1s para que los profesionales del Consorcio puedan desarrollar su labor con mayor eficacia all\u00ed donde se produzca una emergencia. Nuestro compromiso es seguir reforzando la seguridad de Gran Canaria mediante una inversi\u00f3n continua en veh\u00edculos, equipamiento, nuevas tecnolog\u00edas y formaci\u00f3n, porque disponer de un servicio de emergencias moderno es la mejor garant\u00eda para proteger a la ciudadan\u00eda y ofrecer una respuesta cada vez m\u00e1s eficaz\u201d, afirm\u00f3 el presidente del Cabildo de Gran Canaria, Antonio Morales.<\/p>\n<p>Actualmente, el Consorcio de Emergencias de Gran Canaria contin\u00faa desarrollando un proceso de modernizaci\u00f3n progresiva de sus medios materiales y operativos con el objetivo de ofrecer una respuesta cada vez m\u00e1s r\u00e1pida, eficaz y segura a la ciudadan\u00eda, reforzando la protecci\u00f3n de los municipios consorciados y adapt\u00e1ndose a las nuevas necesidades que plantean las emergencias.<\/p>\n<p>ANEXO<\/p>\n<p>Nuevos medios materiales presentados<\/p>\n<p>Camiones autobomba urbana (2 unidades)<\/p>\n<p>Veh\u00edculos de intervenci\u00f3n para extinci\u00f3n de incendios y rescate.<\/p>\n<p>Caracter\u00edsticas t\u00e9cnicas:<\/p>\n<p>Dep\u00f3sito de agua de 3.000 litros.<\/p>\n<p>Bomba de impulsi\u00f3n para extinci\u00f3n de incendios.<\/p>\n<p>Equipamiento espec\u00edfico para rescate y salvamento.<\/p>\n<p>Destinados a los parques de G\u00e1ldar y Arucas.<\/p>\n<p>&nbsp;<\/p>\n<p>Robots de extinci\u00f3n (2 unidades)<\/p>\n<p>Equipos robotizados para intervenciones en escenarios de alto riesgo.<\/p>\n<p>Caracter\u00edsticas t\u00e9cnicas:<\/p>\n<p>Operaci\u00f3n mediante control remoto.<\/p>\n<p>Intervenci\u00f3n en zonas de dif\u00edcil acceso.<\/p>\n<p>Reducci\u00f3n de la exposici\u00f3n del personal al riesgo.<\/p>\n<p>Especialmente indicados para incendios industriales y estructurales.<\/p>\n<p>&nbsp;<\/p>\n<p>Drones de rescate acu\u00e1tico (7 unidades)<\/p>\n<p>Equipos destinados al apoyo en operaciones de salvamento en el medio acu\u00e1tico.<\/p>\n<p>Caracter\u00edsticas t\u00e9cnicas:<\/p>\n<p>Despliegue inmediato.<\/p>\n<p>Localizaci\u00f3n r\u00e1pida de v\u00edctimas.<\/p>\n<p>Transporte de elementos de flotaci\u00f3n.<\/p>\n<p>Refuerzo de la seguridad durante las primeras intervenciones.<\/p>\n<p>&nbsp;<\/p>\n<p>Remolques t\u00e1cticos (4 unidades)<\/p>\n<p>Equipamiento log\u00edstico para el transporte de material especializado.<\/p>\n<p>Caracter\u00edsticas t\u00e9cnicas:<\/p>\n<p>Organizaci\u00f3n del material operativo.<\/p>\n<p>R\u00e1pido despliegue en emergencias.<\/p>\n<p>Adaptaci\u00f3n a distintos tipos de intervenci\u00f3n.<\/p>\n<p>&nbsp;<\/p>\n<p>Ventiladores de bater\u00eda (8 unidades)<\/p>\n<p>Equipos para ventilaci\u00f3n operativa en incendios estructurales.<\/p>\n<p>Caracter\u00edsticas t\u00e9cnicas:<\/p>\n<p>Funcionamiento aut\u00f3nomo mediante bater\u00eda.<\/p>\n<p>Extracci\u00f3n de humos.<\/p>\n<p>Mejora de la visibilidad.<\/p>\n<p>Incremento de la seguridad durante la intervenci\u00f3n.<\/p>\n<p>&nbsp;<\/p>\n<p>Mantas de extinci\u00f3n para veh\u00edculos el\u00e9ctricos (8 unidades)<\/p>\n<p>Equipamiento espec\u00edfico para incendios en veh\u00edculos el\u00e9ctricos e h\u00edbridos.<\/p>\n<p>Caracter\u00edsticas t\u00e9cnicas:<\/p>\n<p>Confinamiento del incendio.<\/p>\n<p>Reducci\u00f3n del riesgo de reignici\u00f3n.<\/p>\n<p>Mayor seguridad durante las labores de extinci\u00f3n.<\/p>\n<p>&nbsp;<\/p>\n<p>Juegos de patines para desplazamiento de veh\u00edculos (4 juegos)<\/p>\n<p>Equipos destinados a facilitar el movimiento de veh\u00edculos accidentados o inmovilizados.<\/p>\n<p>Caracter\u00edsticas t\u00e9cnicas:<\/p>\n<p>Desplazamiento seguro de veh\u00edculos.<\/p>\n<p>Facilitan las maniobras de rescate.<\/p>\n<p>Especialmente \u00fatiles en accidentes de tr\u00e1fico.<\/p>\n<p>&nbsp;<\/p>\n<p>Maletines de herramientas HILTI<\/p>\n<p>Equipamiento port\u00e1til para intervenciones t\u00e9cnicas.<\/p>\n<p>Incluyen:<\/p>\n<p>Taladros.<\/p>\n<p>Sierras de sable.<\/p>\n<p>Amoladoras.<\/p>\n<p>Herramientas de corte y perforaci\u00f3n.<\/p>\n<p>&nbsp;<\/p>\n<p>Kits de extinci\u00f3n para veh\u00edculos pick-up (4 unidades)<\/p>\n<p>Sistema port\u00e1til de primera intervenci\u00f3n.<\/p>\n<p>Caracter\u00edsticas t\u00e9cnicas:<\/p>\n<p>Dep\u00f3sito de agua de 400 litros.<\/p>\n<p>Bomba de impulsi\u00f3n.<\/p>\n<p>Instalaci\u00f3n sobre veh\u00edculos pick-up.<\/p>\n<p>Dise\u00f1ados para la actuaci\u00f3n r\u00e1pida en conatos de incendio.<\/p>\n<p>&nbsp;<\/p>\n<p>Veh\u00edculos pick-up (2 unidades)<\/p>\n<p>Veh\u00edculos de apoyo operativo para el transporte de los nuevos kits de extinci\u00f3n y material auxiliar.<\/p>\n<p>Caracter\u00edsticas t\u00e9cnicas:<\/p>\n<p>Alta movilidad.<\/p>\n<p>Acceso a zonas de dif\u00edcil tr\u00e1nsito.<\/p>\n<p>Refuerzo de la capacidad de respuesta en primeras intervenciones.<\/p>\n<p>&nbsp;<\/p>\n<p>Inversi\u00f3n<\/p>\n<p>Material adquirido en 2025: 1.029.833,27 \u20ac<\/p>\n<p>Material en proceso de licitaci\u00f3n y adquisici\u00f3n (2026): 3.723.949,22 \u20ac<\/p>\n<p>Formaci\u00f3n del personal (2026): 490.800,00 \u20ac<\/p>\n<p>Inversi\u00f3n total prevista: 4.214.749,22 \u20ac<\/p>\n<p>&nbsp;<\/p>\n<p>&nbsp;<\/p>\n<p>&nbsp;<\/p>\n","protected":false},"excerpt":{"rendered":"<p>El Consorcio de Emergencias de Gran Canaria presenta nuevos medios materiales para reforzar la respuesta ante las emergencias &nbsp; 28 de julio de 2026 &nbsp; La incorporaci\u00f3n de nuevos veh\u00edculos,&hellip;<\/p>\n","protected":false},"author":1,"featured_media":943,"comment_status":"open","ping_status":"open","sticky":false,"template":"","format":"standard","meta":{"wpai_generated_summary":"","wpai_meta_description":"","footnotes":""},"categories":[148],"tags":[],"class_list":["post-932","post","type-post","status-publish","format-standard","has-post-thumbnail","hentry","category-cabildo-de-gran-canaria"],"_links":{"self":[{"href":"https:\/\/nublo.tv\/index.php\/wp-json\/wp\/v2\/posts\/932","targetHints":{"allow":["GET"]}}],"collection":[{"href":"https:\/\/nublo.tv\/index.php\/wp-json\/wp\/v2\/posts"}],"about":[{"href":"https:\/\/nublo.tv\/index.php\/wp-json\/wp\/v2\/types\/post"}],"author":[{"embeddable":true,"href":"https:\/\/nublo.tv\/index.php\/wp-json\/wp\/v2\/users\/1"}],"replies":[{"embeddable":true,"href":"https:\/\/nublo.tv\/index.php\/wp-json\/wp\/v2\/comments?post=932"}],"version-history":[{"count":1,"href":"https:\/\/nublo.tv\/index.php\/wp-json\/wp\/v2\/posts\/932\/revisions"}],"predecessor-version":[{"id":942,"href":"https:\/\/nublo.tv\/index.php\/wp-json\/wp\/v2\/posts\/932\/revisions\/942"}],"wp:featuredmedia":[{"embeddable":true,"href":"https:\/\/nublo.tv\/index.php\/wp-json\/wp\/v2\/media\/943"}],"wp:attachment":[{"href":"https:\/\/nublo.tv\/index.php\/wp-json\/wp\/v2\/media?parent=932"}],"wp:term":[{"taxonomy":"category","embeddable":true,"href":"https:\/\/nublo.tv\/index.php\/wp-json\/wp\/v2\/categories?post=932"},{"taxonomy":"post_tag","embeddable":true,"href":"https:\/\/nublo.tv\/index.php\/wp-json\/wp\/v2\/tags?post=932"}],"curies":[{"name":"wp","href":"https:\/\/api.w.org\/{rel}","templated":true}]}}