{"id":934,"date":"2026-08-04T23:49:12","date_gmt":"2026-08-04T22:49:12","guid":{"rendered":"https:\/\/nublo.tv\/?p=934"},"modified":"2026-08-04T23:49:12","modified_gmt":"2026-08-04T22:49:12","slug":"el-cabildo-inicia-las-obras-de-reconstruccion-del-vial-del-parque-empresarial-ajimar-con-una-inversion-de-mas-de-660-000-euros","status":"publish","type":"post","link":"https:\/\/nublo.tv\/index.php\/2026\/08\/04\/el-cabildo-inicia-las-obras-de-reconstruccion-del-vial-del-parque-empresarial-ajimar-con-una-inversion-de-mas-de-660-000-euros\/","title":{"rendered":"El Cabildo inicia las obras de reconstruccio\u0301n del vial del Parque Empresarial Ajimar con una inversio\u0301n de ma\u0301s de 660.000 euros"},"content":{"rendered":"<p>El Cabildo inicia las obras de reconstrucci\u00f3n del vial del Parque Empresarial Ajimar con una inversi\u00f3n de m\u00e1s de 660.000 euros<\/p>\n<p>La actuaci\u00f3n permitir\u00e1 solucionar los problemas estructurales de la calle El Chip y mejorar la seguridad y la movilidad en una de las principales \u00e1reas industriales de Telde<\/p>\n<p>Gran Canaria, 28 de julio de 2026.- La consejera de Desarrollo Econ\u00f3mico del Cabildo de Gran Canaria, Minerva Alonso, visit\u00f3 este martes el Parque Empresarial Ajimar con motivo del inicio de las obras de reconstrucci\u00f3n del tramo sur de la calle El Chip, una actuaci\u00f3n financiada por la instituci\u00f3n insular a trav\u00e9s del FDCAN con una inversi\u00f3n de 661.971,15 euros.<\/p>\n<p>Durante la visita estuvo acompa\u00f1ada por el presidente de la entidad de conservaci\u00f3n Ajimar, Juan Sarmiento, con quien recorri\u00f3 el \u00e1mbito de actuaci\u00f3n y conoci\u00f3 el desarrollo de un proyecto que permitir\u00e1 resolver los problemas estructurales que presenta este vial y mejorar las condiciones de una infraestructura clave para la actividad empresarial del municipio.<\/p>\n<p>La consejera destac\u00f3 que \u201cesta actuaci\u00f3n responde a una necesidad muy concreta del Parque Empresarial Ajimar. No estamos reparando \u00fanicamente un vial, sino resolviendo un problema estructural para ofrecer mayor seguridad a las empresas y a todas las personas que utilizan diariamente esta infraestructura\u201d.<\/p>\n<p>Asimismo, se\u00f1al\u00f3 que &quot;las \u00e1reas industriales son espacios estrat\u00e9gicos para la econom\u00eda de Gran Canaria y requieren inversiones constantes para mantener su competitividad. Con esta obra mejoramos una infraestructura esencial para las empresas instaladas en Ajimar y seguimos avanzando en la modernizaci\u00f3n del suelo industrial de Telde\u201d.<\/p>\n<p>La actuaci\u00f3n contempla la reconstrucci\u00f3n integral del tramo sur de la calle El Chip, donde el deterioro de los rellenos y del firme ha provocado el hundimiento de la calzada y de parte de la acera. El proyecto no se limita a la reposici\u00f3n del pavimento, sino que act\u00faa sobre el origen del problema mediante la renovaci\u00f3n completa de la estructura del vial y la mejora del sistema de drenaje para evitar que estas patolog\u00edas vuelvan a reproducirse.<\/p>\n<p>Las obras incluyen la demolici\u00f3n del firme existente, el saneo de la zona afectada y la reconstrucci\u00f3n del vial, adem\u00e1s del desv\u00edo previo de las redes de saneamiento y drenaje para sustituir los rellenos deteriorados y evitar futuras infiltraciones. Tambi\u00e9n se construir\u00e1 un muro de contenci\u00f3n de hormig\u00f3n que permitir\u00e1 estabilizar el talud colindante y ejecutar los trabajos con seguridad, protegiendo las canalizaciones de media tensi\u00f3n y las conducciones de transporte de combustible existentes.<\/p>\n<p>El proyecto contempla igualmente la mejora del sistema de evacuaci\u00f3n de aguas pluviales mediante el aumento de la capacidad de captaci\u00f3n y la sustituci\u00f3n de los imbornales actuales por otros de mayor capacidad. Una vez finalizadas las actuaciones estructurales, se reconstruir\u00e1n la calzada y las aceras, dotando al vial de un firme preparado para soportar el tr\u00e1fico pesado propio de esta zona industrial.<\/p>\n<p>Con el fin de minimizar las afecciones sobre la actividad econ\u00f3mica del parque empresarial, las obras se ejecutar\u00e1n en dos fases, garantizando en todo momento el acceso a las empresas ubicadas en este \u00e1mbito.<\/p>\n<p>La consejera record\u00f3 que esta actuaci\u00f3n se enmarca en la estrategia del Cabildo para modernizar las \u00e1reas industriales de la isla y destac\u00f3 que, entre 2017 y 2026, la instituci\u00f3n insular ha destinado m\u00e1s de 10 millones de euros a la mejora de las zonas industriales de Telde. En el caso concreto de Ajimar, la inversi\u00f3n acumulada supera ya el mill\u00f3n de euros, tras la rehabilitaci\u00f3n de aceras y se\u00f1alizaci\u00f3n ejecutada anteriormente y la actuaci\u00f3n que ahora comienza.<\/p>\n<p>\u201cInvertir en suelo industrial es invertir en empleo, competitividad y desarrollo econ\u00f3mico. Nuestro objetivo es que las empresas desarrollen su actividad en infraestructuras modernas, seguras y adaptadas a sus necesidades, porque eso tambi\u00e9n contribuye a generar riqueza y oportunidades para Gran Canaria\u201d, concluy\u00f3 Minerva Alonso.<\/p>\n","protected":false},"excerpt":{"rendered":"<p>El Cabildo inicia las obras de reconstrucci\u00f3n del vial del Parque Empresarial Ajimar con una inversi\u00f3n de m\u00e1s de 660.000 euros La actuaci\u00f3n permitir\u00e1 solucionar los problemas estructurales de la&hellip;<\/p>\n","protected":false},"author":1,"featured_media":939,"comment_status":"open","ping_status":"open","sticky":false,"template":"","format":"standard","meta":{"wpai_generated_summary":"","wpai_meta_description":"","footnotes":""},"categories":[148],"tags":[],"class_list":["post-934","post","type-post","status-publish","format-standard","has-post-thumbnail","hentry","category-cabildo-de-gran-canaria"],"_links":{"self":[{"href":"https:\/\/nublo.tv\/index.php\/wp-json\/wp\/v2\/posts\/934","targetHints":{"allow":["GET"]}}],"collection":[{"href":"https:\/\/nublo.tv\/index.php\/wp-json\/wp\/v2\/posts"}],"about":[{"href":"https:\/\/nublo.tv\/index.php\/wp-json\/wp\/v2\/types\/post"}],"author":[{"embeddable":true,"href":"https:\/\/nublo.tv\/index.php\/wp-json\/wp\/v2\/users\/1"}],"replies":[{"embeddable":true,"href":"https:\/\/nublo.tv\/index.php\/wp-json\/wp\/v2\/comments?post=934"}],"version-history":[{"count":1,"href":"https:\/\/nublo.tv\/index.php\/wp-json\/wp\/v2\/posts\/934\/revisions"}],"predecessor-version":[{"id":938,"href":"https:\/\/nublo.tv\/index.php\/wp-json\/wp\/v2\/posts\/934\/revisions\/938"}],"wp:featuredmedia":[{"embeddable":true,"href":"https:\/\/nublo.tv\/index.php\/wp-json\/wp\/v2\/media\/939"}],"wp:attachment":[{"href":"https:\/\/nublo.tv\/index.php\/wp-json\/wp\/v2\/media?parent=934"}],"wp:term":[{"taxonomy":"category","embeddable":true,"href":"https:\/\/nublo.tv\/index.php\/wp-json\/wp\/v2\/categories?post=934"},{"taxonomy":"post_tag","embeddable":true,"href":"https:\/\/nublo.tv\/index.php\/wp-json\/wp\/v2\/tags?post=934"}],"curies":[{"name":"wp","href":"https:\/\/api.w.org\/{rel}","templated":true}]}}