{"id":94,"date":"2026-08-04T17:19:27","date_gmt":"2026-08-04T16:19:27","guid":{"rendered":"https:\/\/nublo.tv\/?p=94"},"modified":"2026-08-04T17:19:27","modified_gmt":"2026-08-04T16:19:27","slug":"puntos-violetas-en-las-fiestas-de-el-carrizal-para-promover-entornos-seguros-y-libres-de-violencia","status":"publish","type":"post","link":"https:\/\/nublo.tv\/index.php\/2026\/08\/04\/puntos-violetas-en-las-fiestas-de-el-carrizal-para-promover-entornos-seguros-y-libres-de-violencia\/","title":{"rendered":"Puntos Violetas en las fiestas de El Carrizal para promover entornos seguros y libres de violencia"},"content":{"rendered":"<p>Las Fiestas en honor a Nuestra Se\u00f1ora del Buen Suceso de El Carrizal volver\u00e1n a contar con la presencia de los Puntos Violetas, una acci\u00f3n orientada a promover entornos de ocio seguros, sensibilizar a la ciudadan\u00eda sobre la violencia de g\u00e9nero y ofrecer atenci\u00f3n, acompa\u00f1amiento e informaci\u00f3n ante cualquier situaci\u00f3n de violencia, acoso o agresi\u00f3n sexual.<\/p>\n<p>El primero de estos espacios estar\u00e1 operativo durante la celebraci\u00f3n de la Noche Joven, que tendr\u00e1 lugar este viernes, 7 de agosto, en el Parque del Buen Suceso. El Punto Violeta permanecer\u00e1 instalado entre las 23:00 y las 3:00 horas. La iniciativa volver\u00e1 a estar presente el viernes, 14 de agosto, coincidiendo con la noche festiva que se celebrar\u00e1 tras la romer\u00eda, tambi\u00e9n en el Parque del Buen Suceso, en esta ocasi\u00f3n, desde las 22:00 hasta las 4:00 horas.<\/p>\n<p>El equipo al frente del \u2018Punto Violeta\u2019 est\u00e1 compuesto por voluntariado formado en igualdad y violencia de g\u00e9nero. Esta acci\u00f3n de colaboraci\u00f3n comunitaria para promover entornos seguros y libres de violencia cuenta con el respaldo del Ayuntamiento de Ingenio, a trav\u00e9s de la Concejal\u00eda de Igualdad y Diversidad, en colaboraci\u00f3n con el Colectivo Atenea, ReCre\u00e1ndome e Ingenio Act\u00faa.<\/p>\n","protected":false},"excerpt":{"rendered":"<p>Las Fiestas en honor a Nuestra Se\u00f1ora del Buen Suceso de El Carrizal volver\u00e1n a contar con la presencia de los Puntos Violetas, una acci\u00f3n orientada a promover entornos de&hellip;<\/p>\n","protected":false},"author":14,"featured_media":95,"comment_status":"open","ping_status":"open","sticky":false,"template":"","format":"standard","meta":{"wpai_generated_summary":"","wpai_meta_description":"","footnotes":""},"categories":[130],"tags":[],"class_list":["post-94","post","type-post","status-publish","format-standard","has-post-thumbnail","hentry","category-ayuntamiento-de-ingenio"],"_links":{"self":[{"href":"https:\/\/nublo.tv\/index.php\/wp-json\/wp\/v2\/posts\/94","targetHints":{"allow":["GET"]}}],"collection":[{"href":"https:\/\/nublo.tv\/index.php\/wp-json\/wp\/v2\/posts"}],"about":[{"href":"https:\/\/nublo.tv\/index.php\/wp-json\/wp\/v2\/types\/post"}],"author":[{"embeddable":true,"href":"https:\/\/nublo.tv\/index.php\/wp-json\/wp\/v2\/users\/14"}],"replies":[{"embeddable":true,"href":"https:\/\/nublo.tv\/index.php\/wp-json\/wp\/v2\/comments?post=94"}],"version-history":[{"count":1,"href":"https:\/\/nublo.tv\/index.php\/wp-json\/wp\/v2\/posts\/94\/revisions"}],"predecessor-version":[{"id":407,"href":"https:\/\/nublo.tv\/index.php\/wp-json\/wp\/v2\/posts\/94\/revisions\/407"}],"wp:featuredmedia":[{"embeddable":true,"href":"https:\/\/nublo.tv\/index.php\/wp-json\/wp\/v2\/media\/95"}],"wp:attachment":[{"href":"https:\/\/nublo.tv\/index.php\/wp-json\/wp\/v2\/media?parent=94"}],"wp:term":[{"taxonomy":"category","embeddable":true,"href":"https:\/\/nublo.tv\/index.php\/wp-json\/wp\/v2\/categories?post=94"},{"taxonomy":"post_tag","embeddable":true,"href":"https:\/\/nublo.tv\/index.php\/wp-json\/wp\/v2\/tags?post=94"}],"curies":[{"name":"wp","href":"https:\/\/api.w.org\/{rel}","templated":true}]}}