{"id":96,"date":"2026-08-04T17:19:27","date_gmt":"2026-08-04T16:19:27","guid":{"rendered":"https:\/\/nublo.tv\/?p=96"},"modified":"2026-08-04T17:19:27","modified_gmt":"2026-08-04T16:19:27","slug":"el-carrizal-abre-las-fiestas-del-buen-suceso-san-roque-y-san-haragan-con-el-pregon-de-loli-ramirez","status":"publish","type":"post","link":"https:\/\/nublo.tv\/index.php\/2026\/08\/04\/el-carrizal-abre-las-fiestas-del-buen-suceso-san-roque-y-san-haragan-con-el-pregon-de-loli-ramirez\/","title":{"rendered":"El Carrizal abre las fiestas del Buen Suceso, San Roque y San Harag\u00e1n con el preg\u00f3n de Loli Ram\u00edrez"},"content":{"rendered":"<p>El Carrizal dio el pasado viernes, 31 de julio, el pistoletazo de salida a las Fiestas en Honor a Nuestra Se\u00f1ora del Buen Suceso, San Roque y San Harag\u00e1n con el preg\u00f3n a cargo de Mar\u00eda Dolores \u00abLoli\u00bb Ram\u00edrez Hern\u00e1ndez bajo la carpa del Parque del Buen Suceso. El acto, conducido por \u00d3liver Caballero, reuni\u00f3 a representantes institucionales, colectivos y vecindad para dar comienzo a unas celebraciones organizadas por el Ayuntamiento de Ingenio, a trav\u00e9s de la Concejal\u00eda de Festejos, en colaboraci\u00f3n con la Asociaci\u00f3n Patronato Bicentenario de la Virgen, la Parroquia de Nuestra Se\u00f1ora del Buen Suceso y numerosos colectivos del municipio.<\/p>\n<p>Al inicio del acto, la alcaldesa de Ingenio, Vanesa Mart\u00edn, dio la bienvenida a unas fiestas que defini\u00f3 como \u00abcercanas, familiares y entra\u00f1ables\u00bb y agradeci\u00f3 el trabajo conjunto de la Concejal\u00eda de Festejos, el Patronato, el resto de \u00e1reas municipales, asociaciones y personas voluntarias que hacen posible cada edici\u00f3n. La regidora destac\u00f3 la figura de la pregonera, \u00abuna mujer comprometida con nuestra tierra, estrechamente vinculada al sector agr\u00edcola y referente tambi\u00e9n en el \u00e1mbito deportivo\u00bb. Asimismo, subray\u00f3 que su trayectoria representa \u00abun ejemplo de esfuerzo, constancia y humanidad\u00bb, convencida de que su preg\u00f3n servir\u00eda para recordar que \u00abel verdadero patrimonio de un pueblo son las personas que, con su trabajo diario, su amor y su compromiso, construyen la comunidad\u00bb.<\/p>\n<p>Loli Ram\u00edrez agradeci\u00f3 el honor de ser la pregonera de las fiestas de su pueblo y comparti\u00f3 un recorrido personal por los recuerdos y la identidad de El Carrizal. Durante su intervenci\u00f3n evoc\u00f3 el papel que hist\u00f3ricamente desempe\u00f1aron la agricultura, la ganader\u00eda y el comercio, recordando especialmente el dinamismo de la calle Sor Josefa Morales, donde lleg\u00f3 a concentrarse una amplia red de establecimientos que convirtieron este espacio en el principal eje comercial del pueblo. La pregonera puso en valor la solidaridad y el apoyo mutuo que siempre han caracterizado a la ciudadan\u00eda carrizalera, especialmente entre quienes se dedicaban al sector primario, reivindicando adem\u00e1s que \u00abla agricultura es cultura\u00bb.<\/p>\n<p>El preg\u00f3n tambi\u00e9n estuvo marcado por la invitaci\u00f3n a participar en todos los actos de estas fiestas, pensados para todos los p\u00fablicos, desde los actos infantiles, hasta la romer\u00eda, la feria de ganado y las procesiones, adem\u00e1s de la tradicional sopa de la Virgen del 15 de agosto, \u00abcuando en todas las casas solo huele a hierbahuerto y a carne\u00bb, llamando a vivir las celebraciones desde la convivencia y el respeto para que, quienes \u00abvengan de fuera, se lleven una buena imagen del Carrizal que siempre hemos querido ser y que siempre hemos querido tener\u00bb.<\/p>\n<p>Uno de los momentos m\u00e1s destacados de su intervenci\u00f3n fue la felicitaci\u00f3n al Club de F\u00fatbol Uni\u00f3n Carrizal, al que defini\u00f3 como \u00abel club de mi alma\u00bb. La pregonera record\u00f3 su estrecha vinculaci\u00f3n con la entidad durante d\u00e9cadas, junto a su padre y formando parte de su directiva, destacando el trabajo que se desarrolla actualmente con motivo del 75.\u00ba aniversario del club y el valor de la cantera como espacio de formaci\u00f3n y crecimiento para la infancia y la juventud. Asimismo, tuvo palabras de agradecimiento para las personas que integran el Patronato Bicentenario de la Virgen del Carrizal y para la Concejal\u00eda de Festejos por el esfuerzo que realizan cada a\u00f1o para sacar adelante las celebraciones, reconociendo especialmente la dedicaci\u00f3n de quienes trabajan de forma altruista para mantener vivas las tradiciones del municipio. El preg\u00f3n concluy\u00f3 con un mensaje de unidad y convivencia, invitando a la ciudadan\u00eda a \u00abrespetarse y quererse, que es lo m\u00e1s bonito que hay\u00bb.<\/p>\n<p>Tras la lectura del preg\u00f3n, la alcaldesa de Ingenio, Vanesa Mart\u00edn; el concejal de Festejos, Rayco Padilla; y la presidenta del Patronato Bicentenario de la Virgen, Pimpina Herrera, hicieron entrega a Loli Ram\u00edrez de unos presentes como muestra de agradecimiento y reconocimiento por su participaci\u00f3n.<\/p>\n","protected":false},"excerpt":{"rendered":"<p>El Carrizal dio el pasado viernes, 31 de julio, el pistoletazo de salida a las Fiestas en Honor a Nuestra Se\u00f1ora del Buen Suceso, San Roque y San Harag\u00e1n con&hellip;<\/p>\n","protected":false},"author":14,"featured_media":97,"comment_status":"open","ping_status":"open","sticky":false,"template":"","format":"standard","meta":{"wpai_generated_summary":"","wpai_meta_description":"","footnotes":""},"categories":[130],"tags":[],"class_list":["post-96","post","type-post","status-publish","format-standard","has-post-thumbnail","hentry","category-ayuntamiento-de-ingenio"],"_links":{"self":[{"href":"https:\/\/nublo.tv\/index.php\/wp-json\/wp\/v2\/posts\/96","targetHints":{"allow":["GET"]}}],"collection":[{"href":"https:\/\/nublo.tv\/index.php\/wp-json\/wp\/v2\/posts"}],"about":[{"href":"https:\/\/nublo.tv\/index.php\/wp-json\/wp\/v2\/types\/post"}],"author":[{"embeddable":true,"href":"https:\/\/nublo.tv\/index.php\/wp-json\/wp\/v2\/users\/14"}],"replies":[{"embeddable":true,"href":"https:\/\/nublo.tv\/index.php\/wp-json\/wp\/v2\/comments?post=96"}],"version-history":[{"count":1,"href":"https:\/\/nublo.tv\/index.php\/wp-json\/wp\/v2\/posts\/96\/revisions"}],"predecessor-version":[{"id":422,"href":"https:\/\/nublo.tv\/index.php\/wp-json\/wp\/v2\/posts\/96\/revisions\/422"}],"wp:featuredmedia":[{"embeddable":true,"href":"https:\/\/nublo.tv\/index.php\/wp-json\/wp\/v2\/media\/97"}],"wp:attachment":[{"href":"https:\/\/nublo.tv\/index.php\/wp-json\/wp\/v2\/media?parent=96"}],"wp:term":[{"taxonomy":"category","embeddable":true,"href":"https:\/\/nublo.tv\/index.php\/wp-json\/wp\/v2\/categories?post=96"},{"taxonomy":"post_tag","embeddable":true,"href":"https:\/\/nublo.tv\/index.php\/wp-json\/wp\/v2\/tags?post=96"}],"curies":[{"name":"wp","href":"https:\/\/api.w.org\/{rel}","templated":true}]}}